{"id":313,"date":"2007-01-01T00:00:18","date_gmt":"2007-01-01T02:00:18","guid":{"rendered":"http:\/\/lynncarone.com\/?p=313"},"modified":"2019-11-27T21:20:37","modified_gmt":"2019-11-28T00:20:37","slug":"trilogia-de-novembro","status":"publish","type":"post","link":"https:\/\/lynncarone.com\/home\/trilogia-de-novembro\/","title":{"rendered":"Trilogia de Novembro"},"content":{"rendered":"<p><span style=\"font-weight: 400;\">A partilha sens\u00edvel do espa\u00e7o e das id\u00e9ias que tem lugar em um ateli\u00ea dividido por quatro artistas transposta para tr\u00eas outros lugares, completamente distintos entre si e do pr\u00f3prio ateli\u00ea onde o projeto de ocupa\u00e7\u00e3o destes tr\u00eas outros espa\u00e7os foi gestado. A ideia, in\u00e9dita \u2013 a meu ver (h\u00e1 muitos projetos que s\u00e3o iniciativa de grupos de artistas e h\u00e1 muitas iniciativas que prop\u00f5em a tomada de posi\u00e7\u00e3o e de espa\u00e7o nos interst\u00edcios do circuito de arte, digamos assim, mas desconhe\u00e7o um trabalho de ocupa\u00e7\u00e3o art\u00edstica peri\u00f3dica de diferentes lugares por um mesmo grupo de pessoas com potencial de se estender e se sistematizar refletindo constantemente sobre as etapas anteriores e seguintes)\u2013, ganha corpo a partir do dia 7 de novembro, com a abertura do Cap\u00edtulo 1  desta narrativa \u2013que tem come\u00e7o e meio, mas fim indefinido \u2013 no Centro Hist\u00f3rico Mackenzie com obras das artistas Carol Seiler, Helena Kavaliunas, Lynn Carone e Natasha Barricelli. O que era de car\u00e1ter privado \u2013o cotidiano de um ateli\u00ea compartilhado\u2013 vem \u00e0 tona na forma de tr\u00eas exposi\u00e7\u00f5es concebidas pelas quatro e embasadas tamb\u00e9m na partilha sens\u00edvel do espa\u00e7o e das ideias, agora tornados p\u00fablicos (o espa\u00e7o tornado espa\u00e7o expositivo e as ideias tornadas obras). <\/span><\/p>\n<p>As artistas do Ateli\u00ea das Quatro, na Vila Madalena, apresentam ainda no m\u00eas de novembro mais duas exposi\u00e7\u00f5es concebidas coletivamente para espa\u00e7os expositivos de caracter\u00edsticas diferentes na cidade: Cap\u00edtulo 2 ocorre no Ateli\u00ea 397 e, o Cap\u00edtulo 3, no Espa\u00e7o Ophicina. Todas as obras foram pensadas como problematiza\u00e7\u00f5es do pr\u00f3prio espa\u00e7o em que estariam inseridas, assim, se para o Centro Hist\u00f3rico as artistas desenvolveram obras de natureza institucional (leia-se obras que necessitam de um espa\u00e7o expositivo \u201cneutro\u201d, um \u201ccubo branco\u201d para acontecer), para o Ateli\u00ea 397, as obras ganharam contorno de site specific e, para o Espa\u00e7o Ophicina, projetos de cunho conceitual foram gestados para dialogar com o espa\u00e7o h\u00edbrido de uma galeria localizada em um est\u00fadio especializado em montagens e molduras. Ao se fechar temporariamente a narrativa, com o Cap\u00edtulo 3, \u00e9 poss\u00edvel fazer amarra\u00e7\u00f5es entre os tr\u00eas momentos da produ\u00e7\u00e3o de cada artista, e tamb\u00e9m se pode ver um desenho (ou percurso) delimitado pe\u00e7a a\u00e7\u00e3o propositiva do Ateli\u00ea das Quatro nessa trilogia de f\u00f4lego \u201cescrita\u201d em novembro de 2007 na cidade de S\u00e3o Paulo.<\/p>\n<p>7 de novembro<\/p>\n<p><span style=\"font-weight: 400;\">[&#8230;]2007 \u2013 Noite chuvosa em S\u00e3o Paulo. Condi\u00e7\u00f5es ideais de temperatura cultural e press\u00e3o ambiental para correr para dentro do estiloso Centro Hist\u00f3rico Mackenzie, localizado no campus da rua Itamb\u00e9, na fronteira entre a regi\u00e3o central de S\u00e3o Paulo e o bairro de Higien\u00f3polis. A primeira sala traz as janelas fechadas e recobertas parcialmente por um inst\u00e1vel muro de tijolos. Pequenos v\u00e3os iluminados atraem o olhar para dentro dessa parede \u00famida erguida de modo a interditar a vis\u00e3o do lado de fora do edif\u00edcio. As luzes que v\u00eam de dentro do muro s\u00e3o pequenos backlights com imagens do centro hist\u00f3rico, sempre fotografado por meio de frestas: a da pr\u00f3pria janela, o arabesco das escadas etc. Trata-se da interven\u00e7\u00e3o de Lynn Carone, que esconde e revela ao mesmo tempo os segredos do espa\u00e7o: impossibilitando olhar atrav\u00e9s da janela, traz o olhar para dentro, para os detalhes arquitet\u00f4nicos, para a luminosidade que habita aquele ambiente.<\/span><\/p>\n<p>10 de novembro<\/p>\n<p><span style=\"font-weight: 400;\">[&#8230;]2007 \u2013 S\u00e1bado de sol. No Ateli\u00ea 397, o que mobilizou as artistas e pautou as discuss\u00f5es foi o contraste com o espa\u00e7o \u201cmuseol\u00f3gico\u201d do Centro Hist\u00f3rico Mackenzie; por se tratar de um espa\u00e7o expositivo alternativo, \u201ccontaminado\u201d pelo cotidiano do seu funcionamento como ateli\u00ea e tamb\u00e9m por elementos arquitet\u00f4nicos e outras caracter\u00edsticas do espa\u00e7o, o Ateli\u00ea 397 parecia pedir trabalhos de site specific que se relacionassem com o lugar, seus usos e sua hist\u00f3ria. Assim, cada artista estabeleceu um di\u00e1logo estreito com o espa\u00e7o, sem deixar de lado a coer\u00eancia interna de sua pr\u00f3pria produ\u00e7\u00e3o e tamb\u00e9m promovendo di\u00e1logos com as obras expostas no Centro Hist\u00f3rico, de modo a escrever um segundo cap\u00edtulo internamente conectado com o primeiro e pronto a se desdobrar em um terceiro. Lynn Carone escolheu os nichos de um pequeno muro que separa o corredor central do espa\u00e7o dos fundos do ateli\u00ea para instalar imagens fotogr\u00e1ficas daquele mesmo muro, a serem \u201cdescobertas\u201d nos v\u00e3os at\u00e9 ent\u00e3o desabitados daquela parede azul&#8230;[ ]<\/span><\/p>\n<p>&#8230;Ao final do percurso, para quem tiver o olhar agu\u00e7ado, pois aqui n\u00e3o estamos mais diante de um trabalho que salta aos olhos e sim de uma sutil interven\u00e7\u00e3o que demanda um saltar dos olhos, a obra de Lynn Carone convida a \u201cver atrav\u00e9s\u201d. Imagens fotogr\u00e1ficas ampliadas em superf\u00edcies transparentes deixam ver o que h\u00e1 atr\u00e1s do \u00faltimo muro do 397 e tamb\u00e9m o que h\u00e1 dentro dele. As fotos, conforme as vamos desvendando, mostram uma investiga\u00e7\u00e3o detida daquilo que os olhos n\u00e3o captam, da beleza contida em detalhes que costumam ser invis\u00edveis ao olhar apressado. As imagens condensam tamb\u00e9m uma hist\u00f3ria do lugar: o muro deve ser demolido ap\u00f3s a exposi\u00e7\u00e3o; uma interven\u00e7\u00e3o realizada por outro artista no local, que uma das fotografias registrou, tamb\u00e9m ser\u00e1 retirada de l\u00e1 em algum momento, ou seja, a obra de Carone encerra a exposi\u00e7\u00e3o guardando em delicados recept\u00e1culos descobertos no muro a hist\u00f3ria da pr\u00f3pria exposi\u00e7\u00e3o, que se tratou de observar atentamente o espa\u00e7o e de fazer o visitante enxerg\u00e1-lo de novas maneiras.<\/p>\n<p>28 de novembro<\/p>\n<p><span style=\"font-weight: 400;\">[&#8230;]2007 \u2013 Faz frio em S\u00e3o Paulo. \u00daltima parada da trilogia de novembro: Espa\u00e7o Ophicina, Vila Madalena&#8230;<\/span><\/p>\n<p><span style=\"font-weight: 400;\">[&#8230;] O Ophicina tamb\u00e9m \u00e9 ocupado pelas quatro artistas com trabalhos individuais que dialogam com a especificidade do lugar. Cada uma delas utiliza tr\u00eas nichos externos do espa\u00e7o com uma obra que tem continuidade no espa\u00e7o interno, onde uma obra de cada artista se \u201cenquadra\u201d em uma moldura previamente desenhada, que \u00e9 id\u00eantica para os quatro trabalhos. Ambiente menor e mais acolhedor, a galeria do Ophicina coloca necessariamente as quatro artistas para dialogar: a moldura de madeira unifica as obras e permite, ao mesmo tempo, que sejam diferentes a mais n\u00e3o poder. <\/span><\/p>\n<p><span style=\"font-weight: 400;\">Solu\u00e7\u00e3o instigante para uma situa\u00e7\u00e3o de mostra coletiva: ningu\u00e9m precisa modificar seu trabalho para caber melhor na exposi\u00e7\u00e3o; partindo de uma regra comum, cada uma tem espa\u00e7o para ousar como quiser[&#8230; ] Lynn Carone mostra uma absoluta coer\u00eancia com as duas exposi\u00e7\u00f5es anteriores, provocando uma vez mais a experi\u00eancia de \u201colhar atrav\u00e9s\u201d das coisas, dessa vez, somando um detalhe da porta do Espa\u00e7o Ophicina ao contexto \u201cescondido\u201d atr\u00e1s de um voile que separa a sala de exposi\u00e7\u00f5es do ambiente do escrit\u00f3rio. A exposi\u00e7\u00e3o deixa uma vontade imensa de acompanhar os pr\u00f3ximos cap\u00edtulos que as artistas certamente v\u00e3o escrever.<\/span><\/p>\n<p><span style=\"font-weight: 400;\">por <b>Juliana Monachesi<\/b> ( cr\u00edtica de arte, SP)<\/span><\/p>\n","protected":false},"excerpt":{"rendered":"<p>A partilha sens\u00edvel do espa\u00e7o e das id\u00e9ias que tem lugar em um ateli\u00ea dividido por quatro artistas transposta para tr\u00eas outros lugares, completamente distintos&#8230;<\/p>\n<div class=\"more-link-wrapper\"><a class=\"more-link\" href=\"https:\/\/lynncarone.com\/home\/trilogia-de-novembro\/\">Continuar Lendo<span class=\"screen-reader-text\">Trilogia de Novembro<\/span><\/a><\/div>\n","protected":false},"author":2,"featured_media":0,"comment_status":"closed","ping_status":"closed","sticky":false,"template":"","format":"standard","meta":[],"categories":[4],"tags":[],"yoast_head":"<!-- This site is optimized with the Yoast SEO plugin v19.0 - https:\/\/yoast.com\/wordpress\/plugins\/seo\/ -->\n<title>Trilogia de Novembro - Lynn Carone<\/title>\n<meta name=\"robots\" content=\"index, follow, max-snippet:-1, max-image-preview:large, max-video-preview:-1\" \/>\n<link rel=\"canonical\" href=\"https:\/\/lynncarone.com\/home\/trilogia-de-novembro\/\" \/>\n<meta property=\"og:locale\" content=\"pt_BR\" \/>\n<meta property=\"og:type\" content=\"article\" \/>\n<meta property=\"og:title\" content=\"Trilogia de Novembro - Lynn Carone\" \/>\n<meta property=\"og:description\" content=\"A partilha sens\u00edvel do espa\u00e7o e das id\u00e9ias que tem lugar em um ateli\u00ea dividido por quatro artistas transposta para tr\u00eas outros lugares, completamente distintos&#8230;\" \/>\n<meta property=\"og:url\" content=\"https:\/\/lynncarone.com\/home\/trilogia-de-novembro\/\" \/>\n<meta property=\"og:site_name\" content=\"Lynn Carone\" \/>\n<meta property=\"article:published_time\" content=\"2007-01-01T02:00:18+00:00\" \/>\n<meta property=\"article:modified_time\" content=\"2019-11-28T00:20:37+00:00\" \/>\n<meta name=\"twitter:card\" content=\"summary_large_image\" \/>\n<meta name=\"twitter:label1\" content=\"Escrito por\" \/>\n\t<meta name=\"twitter:data1\" content=\"Lynn Carone\" \/>\n\t<meta name=\"twitter:label2\" content=\"Est. tempo de leitura\" \/>\n\t<meta name=\"twitter:data2\" content=\"6 minutos\" \/>\n<script type=\"application\/ld+json\" class=\"yoast-schema-graph\">{\"@context\":\"https:\/\/schema.org\",\"@graph\":[{\"@type\":\"WebSite\",\"@id\":\"https:\/\/lynncarone.com\/home\/#website\",\"url\":\"https:\/\/lynncarone.com\/home\/\",\"name\":\"Lynn Carone\",\"description\":\"Site\",\"publisher\":{\"@id\":\"https:\/\/lynncarone.com\/home\/#\/schema\/person\/62b358248c7f3728d47b3b8a4983b6cb\"},\"potentialAction\":[{\"@type\":\"SearchAction\",\"target\":{\"@type\":\"EntryPoint\",\"urlTemplate\":\"https:\/\/lynncarone.com\/home\/?s={search_term_string}\"},\"query-input\":\"required name=search_term_string\"}],\"inLanguage\":\"pt-BR\"},{\"@type\":\"WebPage\",\"@id\":\"https:\/\/lynncarone.com\/home\/trilogia-de-novembro\/#webpage\",\"url\":\"https:\/\/lynncarone.com\/home\/trilogia-de-novembro\/\",\"name\":\"Trilogia de Novembro - Lynn Carone\",\"isPartOf\":{\"@id\":\"https:\/\/lynncarone.com\/home\/#website\"},\"datePublished\":\"2007-01-01T02:00:18+00:00\",\"dateModified\":\"2019-11-28T00:20:37+00:00\",\"breadcrumb\":{\"@id\":\"https:\/\/lynncarone.com\/home\/trilogia-de-novembro\/#breadcrumb\"},\"inLanguage\":\"pt-BR\",\"potentialAction\":[{\"@type\":\"ReadAction\",\"target\":[\"https:\/\/lynncarone.com\/home\/trilogia-de-novembro\/\"]}]},{\"@type\":\"BreadcrumbList\",\"@id\":\"https:\/\/lynncarone.com\/home\/trilogia-de-novembro\/#breadcrumb\",\"itemListElement\":[{\"@type\":\"ListItem\",\"position\":1,\"name\":\"Trilogia de Novembro\"}]},{\"@type\":\"Article\",\"@id\":\"https:\/\/lynncarone.com\/home\/trilogia-de-novembro\/#article\",\"isPartOf\":{\"@id\":\"https:\/\/lynncarone.com\/home\/trilogia-de-novembro\/#webpage\"},\"author\":{\"@id\":\"https:\/\/lynncarone.com\/home\/#\/schema\/person\/62b358248c7f3728d47b3b8a4983b6cb\"},\"headline\":\"Trilogia de Novembro\",\"datePublished\":\"2007-01-01T02:00:18+00:00\",\"dateModified\":\"2019-11-28T00:20:37+00:00\",\"mainEntityOfPage\":{\"@id\":\"https:\/\/lynncarone.com\/home\/trilogia-de-novembro\/#webpage\"},\"wordCount\":1214,\"publisher\":{\"@id\":\"https:\/\/lynncarone.com\/home\/#\/schema\/person\/62b358248c7f3728d47b3b8a4983b6cb\"},\"articleSection\":[\"Cr\u00edtica\"],\"inLanguage\":\"pt-BR\"},{\"@type\":[\"Person\",\"Organization\"],\"@id\":\"https:\/\/lynncarone.com\/home\/#\/schema\/person\/62b358248c7f3728d47b3b8a4983b6cb\",\"name\":\"Lynn Carone\",\"image\":{\"@type\":\"ImageObject\",\"inLanguage\":\"pt-BR\",\"@id\":\"https:\/\/lynncarone.com\/home\/#\/schema\/person\/image\/\",\"url\":\"https:\/\/lynncarone.com\/wp-content\/uploads\/2021\/07\/56539157_2331523753751186_6152032844651692032_n.jpg\",\"contentUrl\":\"https:\/\/lynncarone.com\/wp-content\/uploads\/2021\/07\/56539157_2331523753751186_6152032844651692032_n.jpg\",\"width\":2048,\"height\":2047,\"caption\":\"Lynn Carone\"},\"logo\":{\"@id\":\"https:\/\/lynncarone.com\/home\/#\/schema\/person\/image\/\"},\"url\":\"https:\/\/lynncarone.com\/home\/author\/lynn\/\"}]}<\/script>\n<!-- \/ Yoast SEO plugin. -->","yoast_head_json":{"title":"Trilogia de Novembro - Lynn Carone","robots":{"index":"index","follow":"follow","max-snippet":"max-snippet:-1","max-image-preview":"max-image-preview:large","max-video-preview":"max-video-preview:-1"},"canonical":"https:\/\/lynncarone.com\/home\/trilogia-de-novembro\/","og_locale":"pt_BR","og_type":"article","og_title":"Trilogia de Novembro - Lynn Carone","og_description":"A partilha sens\u00edvel do espa\u00e7o e das id\u00e9ias que tem lugar em um ateli\u00ea dividido por quatro artistas transposta para tr\u00eas outros lugares, completamente distintos&#8230;","og_url":"https:\/\/lynncarone.com\/home\/trilogia-de-novembro\/","og_site_name":"Lynn Carone","article_published_time":"2007-01-01T02:00:18+00:00","article_modified_time":"2019-11-28T00:20:37+00:00","twitter_card":"summary_large_image","twitter_misc":{"Escrito por":"Lynn Carone","Est. tempo de leitura":"6 minutos"},"schema":{"@context":"https:\/\/schema.org","@graph":[{"@type":"WebSite","@id":"https:\/\/lynncarone.com\/home\/#website","url":"https:\/\/lynncarone.com\/home\/","name":"Lynn Carone","description":"Site","publisher":{"@id":"https:\/\/lynncarone.com\/home\/#\/schema\/person\/62b358248c7f3728d47b3b8a4983b6cb"},"potentialAction":[{"@type":"SearchAction","target":{"@type":"EntryPoint","urlTemplate":"https:\/\/lynncarone.com\/home\/?s={search_term_string}"},"query-input":"required name=search_term_string"}],"inLanguage":"pt-BR"},{"@type":"WebPage","@id":"https:\/\/lynncarone.com\/home\/trilogia-de-novembro\/#webpage","url":"https:\/\/lynncarone.com\/home\/trilogia-de-novembro\/","name":"Trilogia de Novembro - Lynn Carone","isPartOf":{"@id":"https:\/\/lynncarone.com\/home\/#website"},"datePublished":"2007-01-01T02:00:18+00:00","dateModified":"2019-11-28T00:20:37+00:00","breadcrumb":{"@id":"https:\/\/lynncarone.com\/home\/trilogia-de-novembro\/#breadcrumb"},"inLanguage":"pt-BR","potentialAction":[{"@type":"ReadAction","target":["https:\/\/lynncarone.com\/home\/trilogia-de-novembro\/"]}]},{"@type":"BreadcrumbList","@id":"https:\/\/lynncarone.com\/home\/trilogia-de-novembro\/#breadcrumb","itemListElement":[{"@type":"ListItem","position":1,"name":"Trilogia de Novembro"}]},{"@type":"Article","@id":"https:\/\/lynncarone.com\/home\/trilogia-de-novembro\/#article","isPartOf":{"@id":"https:\/\/lynncarone.com\/home\/trilogia-de-novembro\/#webpage"},"author":{"@id":"https:\/\/lynncarone.com\/home\/#\/schema\/person\/62b358248c7f3728d47b3b8a4983b6cb"},"headline":"Trilogia de Novembro","datePublished":"2007-01-01T02:00:18+00:00","dateModified":"2019-11-28T00:20:37+00:00","mainEntityOfPage":{"@id":"https:\/\/lynncarone.com\/home\/trilogia-de-novembro\/#webpage"},"wordCount":1214,"publisher":{"@id":"https:\/\/lynncarone.com\/home\/#\/schema\/person\/62b358248c7f3728d47b3b8a4983b6cb"},"articleSection":["Cr\u00edtica"],"inLanguage":"pt-BR"},{"@type":["Person","Organization"],"@id":"https:\/\/lynncarone.com\/home\/#\/schema\/person\/62b358248c7f3728d47b3b8a4983b6cb","name":"Lynn Carone","image":{"@type":"ImageObject","inLanguage":"pt-BR","@id":"https:\/\/lynncarone.com\/home\/#\/schema\/person\/image\/","url":"https:\/\/lynncarone.com\/wp-content\/uploads\/2021\/07\/56539157_2331523753751186_6152032844651692032_n.jpg","contentUrl":"https:\/\/lynncarone.com\/wp-content\/uploads\/2021\/07\/56539157_2331523753751186_6152032844651692032_n.jpg","width":2048,"height":2047,"caption":"Lynn Carone"},"logo":{"@id":"https:\/\/lynncarone.com\/home\/#\/schema\/person\/image\/"},"url":"https:\/\/lynncarone.com\/home\/author\/lynn\/"}]}},"_links":{"self":[{"href":"https:\/\/lynncarone.com\/home\/wp-json\/wp\/v2\/posts\/313"}],"collection":[{"href":"https:\/\/lynncarone.com\/home\/wp-json\/wp\/v2\/posts"}],"about":[{"href":"https:\/\/lynncarone.com\/home\/wp-json\/wp\/v2\/types\/post"}],"author":[{"embeddable":true,"href":"https:\/\/lynncarone.com\/home\/wp-json\/wp\/v2\/users\/2"}],"replies":[{"embeddable":true,"href":"https:\/\/lynncarone.com\/home\/wp-json\/wp\/v2\/comments?post=313"}],"version-history":[{"count":5,"href":"https:\/\/lynncarone.com\/home\/wp-json\/wp\/v2\/posts\/313\/revisions"}],"predecessor-version":[{"id":603,"href":"https:\/\/lynncarone.com\/home\/wp-json\/wp\/v2\/posts\/313\/revisions\/603"}],"wp:attachment":[{"href":"https:\/\/lynncarone.com\/home\/wp-json\/wp\/v2\/media?parent=313"}],"wp:term":[{"taxonomy":"category","embeddable":true,"href":"https:\/\/lynncarone.com\/home\/wp-json\/wp\/v2\/categories?post=313"},{"taxonomy":"post_tag","embeddable":true,"href":"https:\/\/lynncarone.com\/home\/wp-json\/wp\/v2\/tags?post=313"}],"curies":[{"name":"wp","href":"https:\/\/api.w.org\/{rel}","templated":true}]}}