{"id":315,"date":"2003-01-01T00:00:00","date_gmt":"2003-01-01T02:00:00","guid":{"rendered":"http:\/\/lynncarone.com\/?p=315"},"modified":"2019-11-27T14:37:54","modified_gmt":"2019-11-27T17:37:54","slug":"espaco-comum","status":"publish","type":"post","link":"https:\/\/lynncarone.com\/home\/espaco-comum\/","title":{"rendered":"Espa\u00e7o Comum"},"content":{"rendered":"<p><i><span style=\"font-weight: 400;\">Artistas Itinerantes<\/span><\/i><span style=\"font-weight: 400;\">: \u00e9 a id\u00e9ia que permeia a exposi\u00e7\u00e3o <\/span><i><span style=\"font-weight: 400;\">Espa\u00e7o Comum <\/span><\/i><span style=\"font-weight: 400;\">apresentada no Museu de Arte de Ribeir\u00e3o Preto em maio\/junho de 2003. Os seis artistas residentes em S\u00e3o Paulo, Fulvia Molina, Hugo Fortes, Jo\u00e3o Carlos de Souza, Lynn Carone, Mauro de Souza e Stela Barbieri compreendem, com isso, a arte como uma via de m\u00e3o dupla. N\u00e3o se interessam em apresentar nas diversas cidades percorridas trabalhos j\u00e1 prontos, sem nenhuma rela\u00e7\u00e3o com o espa\u00e7o onde se colocam. Em contraponto \u00e0 no\u00e7\u00e3o de \u201cmostra itinerante\u201d, o que os atrai \u00e9 o desafio imposto \u00e0s suas respectivas po\u00e9ticas visuais pela concep\u00e7\u00e3o de museu enquanto <\/span><i><span style=\"font-weight: 400;\">lugar<\/span><\/i><span style=\"font-weight: 400;\">: espa\u00e7o vivo, impregnado de hist\u00f3ria, cultura, afetividade e inserido de modo singular na din\u00e2mica de uma cidade.<\/span><\/p>\n<p><span style=\"font-weight: 400;\">Como observou o cr\u00edtico de arte Alberto Tassinari, ao contr\u00e1rio da arte naturalista da tradi\u00e7\u00e3o e na esteira das experimenta\u00e7\u00f5es inauguradas pela arte moderna, \u201ca arte contempor\u00e2nea n\u00e3o transcende espacialmente o mundo e o espa\u00e7o em comum (do espectador), mas antes nasce deles e retorna \u00e0 vida cotidiana acrescentando-lhe novos sentidos\u201d<\/span><span style=\"font-weight: 400;\">. &nbsp;Em uma sociedade massificada como a nossa, na qual a arte necessariamente convive e conversa com os produtos da ind\u00fastria da cultura, o ato de resignifica\u00e7\u00e3o do espa\u00e7o da vida torna-se um dos des\u00edgnios mais pujantes do artista, ind\u00edcio de sua instigante situa\u00e7\u00e3o contempor\u00e2nea de relativa autonomia. &nbsp;<\/span><\/p>\n<p><span style=\"font-weight: 400;\">Experimentar o espa\u00e7o arquitet\u00f4nico em suas contradi\u00e7\u00f5es, vivenci\u00e1-lo enquanto mem\u00f3ria &nbsp;particular e coletiva, pens\u00e1-lo em sua fun\u00e7\u00e3o social, como edif\u00edcio no interior da teia de rela\u00e7\u00f5es da cidade, exp\u00f4-lo como corpo org\u00e2nico, tamb\u00e9m submetido \u00e0s transforma\u00e7\u00f5es do tempo, s\u00e3o algumas das quest\u00f5es tangenciadas por este grupo de artistas ap\u00f3s um per\u00edodo de conviv\u00eancia com o Marp. [&#8230; ]<\/span><\/p>\n<p><span style=\"font-weight: 400;\">Lynn Carone, assim como Fulvia, traz o exterior para o interior em seu trabalho <\/span><i><span style=\"font-weight: 400;\">Epiderme e l\u00e1grimas<\/span><\/i><span style=\"font-weight: 400;\"> . Sob seu olhar afetivo, fragmentos de paredes descascadas da fachada do museu transformam-se em peda\u00e7os de pele envelhecida de um corpo org\u00e2nico tamb\u00e9m delicado e suscet\u00edvel, sujeito ao tempo e destrui\u00e7\u00e3o da hist\u00f3ria.[&#8230;] <\/span><\/p>\n<p><span style=\"font-weight: 400;\">Vale dizer que por pressuporem um v\u00ednculo experimental com o mundo, os trabalhos apresentados aqui convidam o espectador n\u00e3o apenas para uma \u201cmostra de obras de arte\u201d, mas, sobretudo, para uma viv\u00eancia do <\/span><i><span style=\"font-weight: 400;\">lugar <\/span><\/i><span style=\"font-weight: 400;\">atrav\u00e9s delas. <\/span><\/p>\n<p><span style=\"font-weight: 400;\"><b>Taisa Palhares<\/b><\/span><\/p>\n<p><span style=\"font-weight: 400;\">1. Tassinari, Alberto. <\/span><i><span style=\"font-weight: 400;\">O Espa\u00e7o Moderno<\/span><\/i><span style=\"font-weight: 400;\">. S\u00e3o Paulo, Cosac &amp; Naify, 2001. P. 88.<\/span><\/p>\n","protected":false},"excerpt":{"rendered":"<p>Artistas Itinerantes: \u00e9 a id\u00e9ia que permeia a exposi\u00e7\u00e3o Espa\u00e7o Comum apresentada no Museu de Arte de Ribeir\u00e3o Preto em maio\/junho de 2003. Os seis&#8230;<\/p>\n<div class=\"more-link-wrapper\"><a class=\"more-link\" href=\"https:\/\/lynncarone.com\/home\/espaco-comum\/\">Continuar Lendo<span class=\"screen-reader-text\">Espa\u00e7o Comum<\/span><\/a><\/div>\n","protected":false},"author":2,"featured_media":0,"comment_status":"closed","ping_status":"closed","sticky":false,"template":"","format":"standard","meta":[],"categories":[4],"tags":[],"yoast_head":"<!-- This site is optimized with the Yoast SEO plugin v19.0 - https:\/\/yoast.com\/wordpress\/plugins\/seo\/ -->\n<title>Espa\u00e7o Comum - Lynn Carone<\/title>\n<meta name=\"robots\" content=\"index, follow, max-snippet:-1, max-image-preview:large, max-video-preview:-1\" \/>\n<link rel=\"canonical\" href=\"https:\/\/lynncarone.com\/home\/espaco-comum\/\" \/>\n<meta property=\"og:locale\" content=\"pt_BR\" \/>\n<meta property=\"og:type\" content=\"article\" \/>\n<meta property=\"og:title\" content=\"Espa\u00e7o Comum - Lynn Carone\" \/>\n<meta property=\"og:description\" content=\"Artistas Itinerantes: \u00e9 a id\u00e9ia que permeia a exposi\u00e7\u00e3o Espa\u00e7o Comum apresentada no Museu de Arte de Ribeir\u00e3o Preto em maio\/junho de 2003. Os seis&#8230;\" \/>\n<meta property=\"og:url\" content=\"https:\/\/lynncarone.com\/home\/espaco-comum\/\" \/>\n<meta property=\"og:site_name\" content=\"Lynn Carone\" \/>\n<meta property=\"article:published_time\" content=\"2003-01-01T02:00:00+00:00\" \/>\n<meta property=\"article:modified_time\" content=\"2019-11-27T17:37:54+00:00\" \/>\n<meta name=\"twitter:card\" content=\"summary_large_image\" \/>\n<meta name=\"twitter:label1\" content=\"Escrito por\" \/>\n\t<meta name=\"twitter:data1\" content=\"Lynn Carone\" \/>\n\t<meta name=\"twitter:label2\" content=\"Est. tempo de leitura\" \/>\n\t<meta name=\"twitter:data2\" content=\"2 minutos\" \/>\n<script type=\"application\/ld+json\" class=\"yoast-schema-graph\">{\"@context\":\"https:\/\/schema.org\",\"@graph\":[{\"@type\":\"WebSite\",\"@id\":\"https:\/\/lynncarone.com\/home\/#website\",\"url\":\"https:\/\/lynncarone.com\/home\/\",\"name\":\"Lynn Carone\",\"description\":\"Site\",\"publisher\":{\"@id\":\"https:\/\/lynncarone.com\/home\/#\/schema\/person\/62b358248c7f3728d47b3b8a4983b6cb\"},\"potentialAction\":[{\"@type\":\"SearchAction\",\"target\":{\"@type\":\"EntryPoint\",\"urlTemplate\":\"https:\/\/lynncarone.com\/home\/?s={search_term_string}\"},\"query-input\":\"required name=search_term_string\"}],\"inLanguage\":\"pt-BR\"},{\"@type\":\"WebPage\",\"@id\":\"https:\/\/lynncarone.com\/home\/espaco-comum\/#webpage\",\"url\":\"https:\/\/lynncarone.com\/home\/espaco-comum\/\",\"name\":\"Espa\u00e7o Comum - Lynn Carone\",\"isPartOf\":{\"@id\":\"https:\/\/lynncarone.com\/home\/#website\"},\"datePublished\":\"2003-01-01T02:00:00+00:00\",\"dateModified\":\"2019-11-27T17:37:54+00:00\",\"breadcrumb\":{\"@id\":\"https:\/\/lynncarone.com\/home\/espaco-comum\/#breadcrumb\"},\"inLanguage\":\"pt-BR\",\"potentialAction\":[{\"@type\":\"ReadAction\",\"target\":[\"https:\/\/lynncarone.com\/home\/espaco-comum\/\"]}]},{\"@type\":\"BreadcrumbList\",\"@id\":\"https:\/\/lynncarone.com\/home\/espaco-comum\/#breadcrumb\",\"itemListElement\":[{\"@type\":\"ListItem\",\"position\":1,\"name\":\"Espa\u00e7o Comum\"}]},{\"@type\":\"Article\",\"@id\":\"https:\/\/lynncarone.com\/home\/espaco-comum\/#article\",\"isPartOf\":{\"@id\":\"https:\/\/lynncarone.com\/home\/espaco-comum\/#webpage\"},\"author\":{\"@id\":\"https:\/\/lynncarone.com\/home\/#\/schema\/person\/62b358248c7f3728d47b3b8a4983b6cb\"},\"headline\":\"Espa\u00e7o Comum\",\"datePublished\":\"2003-01-01T02:00:00+00:00\",\"dateModified\":\"2019-11-27T17:37:54+00:00\",\"mainEntityOfPage\":{\"@id\":\"https:\/\/lynncarone.com\/home\/espaco-comum\/#webpage\"},\"wordCount\":437,\"publisher\":{\"@id\":\"https:\/\/lynncarone.com\/home\/#\/schema\/person\/62b358248c7f3728d47b3b8a4983b6cb\"},\"articleSection\":[\"Cr\u00edtica\"],\"inLanguage\":\"pt-BR\"},{\"@type\":[\"Person\",\"Organization\"],\"@id\":\"https:\/\/lynncarone.com\/home\/#\/schema\/person\/62b358248c7f3728d47b3b8a4983b6cb\",\"name\":\"Lynn Carone\",\"image\":{\"@type\":\"ImageObject\",\"inLanguage\":\"pt-BR\",\"@id\":\"https:\/\/lynncarone.com\/home\/#\/schema\/person\/image\/\",\"url\":\"https:\/\/lynncarone.com\/wp-content\/uploads\/2021\/07\/56539157_2331523753751186_6152032844651692032_n.jpg\",\"contentUrl\":\"https:\/\/lynncarone.com\/wp-content\/uploads\/2021\/07\/56539157_2331523753751186_6152032844651692032_n.jpg\",\"width\":2048,\"height\":2047,\"caption\":\"Lynn Carone\"},\"logo\":{\"@id\":\"https:\/\/lynncarone.com\/home\/#\/schema\/person\/image\/\"},\"url\":\"https:\/\/lynncarone.com\/home\/author\/lynn\/\"}]}<\/script>\n<!-- \/ Yoast SEO plugin. -->","yoast_head_json":{"title":"Espa\u00e7o Comum - Lynn Carone","robots":{"index":"index","follow":"follow","max-snippet":"max-snippet:-1","max-image-preview":"max-image-preview:large","max-video-preview":"max-video-preview:-1"},"canonical":"https:\/\/lynncarone.com\/home\/espaco-comum\/","og_locale":"pt_BR","og_type":"article","og_title":"Espa\u00e7o Comum - Lynn Carone","og_description":"Artistas Itinerantes: \u00e9 a id\u00e9ia que permeia a exposi\u00e7\u00e3o Espa\u00e7o Comum apresentada no Museu de Arte de Ribeir\u00e3o Preto em maio\/junho de 2003. Os seis&#8230;","og_url":"https:\/\/lynncarone.com\/home\/espaco-comum\/","og_site_name":"Lynn Carone","article_published_time":"2003-01-01T02:00:00+00:00","article_modified_time":"2019-11-27T17:37:54+00:00","twitter_card":"summary_large_image","twitter_misc":{"Escrito por":"Lynn Carone","Est. tempo de leitura":"2 minutos"},"schema":{"@context":"https:\/\/schema.org","@graph":[{"@type":"WebSite","@id":"https:\/\/lynncarone.com\/home\/#website","url":"https:\/\/lynncarone.com\/home\/","name":"Lynn Carone","description":"Site","publisher":{"@id":"https:\/\/lynncarone.com\/home\/#\/schema\/person\/62b358248c7f3728d47b3b8a4983b6cb"},"potentialAction":[{"@type":"SearchAction","target":{"@type":"EntryPoint","urlTemplate":"https:\/\/lynncarone.com\/home\/?s={search_term_string}"},"query-input":"required name=search_term_string"}],"inLanguage":"pt-BR"},{"@type":"WebPage","@id":"https:\/\/lynncarone.com\/home\/espaco-comum\/#webpage","url":"https:\/\/lynncarone.com\/home\/espaco-comum\/","name":"Espa\u00e7o Comum - Lynn Carone","isPartOf":{"@id":"https:\/\/lynncarone.com\/home\/#website"},"datePublished":"2003-01-01T02:00:00+00:00","dateModified":"2019-11-27T17:37:54+00:00","breadcrumb":{"@id":"https:\/\/lynncarone.com\/home\/espaco-comum\/#breadcrumb"},"inLanguage":"pt-BR","potentialAction":[{"@type":"ReadAction","target":["https:\/\/lynncarone.com\/home\/espaco-comum\/"]}]},{"@type":"BreadcrumbList","@id":"https:\/\/lynncarone.com\/home\/espaco-comum\/#breadcrumb","itemListElement":[{"@type":"ListItem","position":1,"name":"Espa\u00e7o Comum"}]},{"@type":"Article","@id":"https:\/\/lynncarone.com\/home\/espaco-comum\/#article","isPartOf":{"@id":"https:\/\/lynncarone.com\/home\/espaco-comum\/#webpage"},"author":{"@id":"https:\/\/lynncarone.com\/home\/#\/schema\/person\/62b358248c7f3728d47b3b8a4983b6cb"},"headline":"Espa\u00e7o Comum","datePublished":"2003-01-01T02:00:00+00:00","dateModified":"2019-11-27T17:37:54+00:00","mainEntityOfPage":{"@id":"https:\/\/lynncarone.com\/home\/espaco-comum\/#webpage"},"wordCount":437,"publisher":{"@id":"https:\/\/lynncarone.com\/home\/#\/schema\/person\/62b358248c7f3728d47b3b8a4983b6cb"},"articleSection":["Cr\u00edtica"],"inLanguage":"pt-BR"},{"@type":["Person","Organization"],"@id":"https:\/\/lynncarone.com\/home\/#\/schema\/person\/62b358248c7f3728d47b3b8a4983b6cb","name":"Lynn Carone","image":{"@type":"ImageObject","inLanguage":"pt-BR","@id":"https:\/\/lynncarone.com\/home\/#\/schema\/person\/image\/","url":"https:\/\/lynncarone.com\/wp-content\/uploads\/2021\/07\/56539157_2331523753751186_6152032844651692032_n.jpg","contentUrl":"https:\/\/lynncarone.com\/wp-content\/uploads\/2021\/07\/56539157_2331523753751186_6152032844651692032_n.jpg","width":2048,"height":2047,"caption":"Lynn Carone"},"logo":{"@id":"https:\/\/lynncarone.com\/home\/#\/schema\/person\/image\/"},"url":"https:\/\/lynncarone.com\/home\/author\/lynn\/"}]}},"_links":{"self":[{"href":"https:\/\/lynncarone.com\/home\/wp-json\/wp\/v2\/posts\/315"}],"collection":[{"href":"https:\/\/lynncarone.com\/home\/wp-json\/wp\/v2\/posts"}],"about":[{"href":"https:\/\/lynncarone.com\/home\/wp-json\/wp\/v2\/types\/post"}],"author":[{"embeddable":true,"href":"https:\/\/lynncarone.com\/home\/wp-json\/wp\/v2\/users\/2"}],"replies":[{"embeddable":true,"href":"https:\/\/lynncarone.com\/home\/wp-json\/wp\/v2\/comments?post=315"}],"version-history":[{"count":4,"href":"https:\/\/lynncarone.com\/home\/wp-json\/wp\/v2\/posts\/315\/revisions"}],"predecessor-version":[{"id":589,"href":"https:\/\/lynncarone.com\/home\/wp-json\/wp\/v2\/posts\/315\/revisions\/589"}],"wp:attachment":[{"href":"https:\/\/lynncarone.com\/home\/wp-json\/wp\/v2\/media?parent=315"}],"wp:term":[{"taxonomy":"category","embeddable":true,"href":"https:\/\/lynncarone.com\/home\/wp-json\/wp\/v2\/categories?post=315"},{"taxonomy":"post_tag","embeddable":true,"href":"https:\/\/lynncarone.com\/home\/wp-json\/wp\/v2\/tags?post=315"}],"curies":[{"name":"wp","href":"https:\/\/api.w.org\/{rel}","templated":true}]}}