{"id":317,"date":"2019-06-02T00:27:08","date_gmt":"2019-06-02T03:27:08","guid":{"rendered":"http:\/\/lynncarone.com\/?p=317"},"modified":"2019-11-27T14:34:39","modified_gmt":"2019-11-27T17:34:39","slug":"coletiva-novembro","status":"publish","type":"post","link":"https:\/\/lynncarone.com\/home\/coletiva-novembro\/","title":{"rendered":"Coletiva Novembro"},"content":{"rendered":"<p><span style=\"font-weight: 400;\">A exposi\u00e7\u00e3o \u201cColetiva Novembro\u201d apresenta a produ\u00e7\u00e3o de oito artistas brasileiras convidadas pela fot\u00f3grafa e jornalista Julieta Schildknecht, mentora da ONG #OnbehalfofBrasil, para realizar interven\u00e7\u00f5es art\u00edsticas em formato de &#8216;lambe-lambe&#8217; em vinte locais de S\u00e3o Paulo, antes de ser exibido em uma institui\u00e7\u00e3o de arte. Inspirado no conceito de &#8220;escultura social&#8221; do artista alem\u00e3o Joseph Beuys, Schildknecht prop\u00f4s uma curadoria em expans\u00e3o no tempo e no espa\u00e7o. Dessa forma, iniciou o trabalho em mar\u00e7o de 2018, com encontros semanais com os artistas, onde, al\u00e9m de sua produ\u00e7\u00e3o, discutiram temas relacionados \u00e0 sociedade brasileira e suas transforma\u00e7\u00f5es. Ap\u00f3s a realiza\u00e7\u00e3o dessa etapa na cidade, reuniram-se lambe-lambes para serem expostos em formato de livro, lado a lado com as obras originais. <\/span><\/p>\n<p><span style=\"font-weight: 400;\">As artistas foram desafiadas a pensar no impacto das mudan\u00e7as clim\u00e1ticas e sociais como parte de um problema global. Particularmente em um momento hist\u00f3rico dif\u00edcil, torna-se urgente discutir os custos do desenvolvimento econ\u00f4mico que n\u00e3o visam a sustentabilidade nem a preserva\u00e7\u00e3o de paisagens naturais e culturas locais, como os nativos. Nesse contexto, a utopia da metr\u00f3pole contempor\u00e2nea, como S\u00e3o Paulo, a maior cidade brasileira com mais de 12 milh\u00f5es de habitantes, \u00e9 o s\u00edmbolo desse desenvolvimento destrutivo, cujo modelo est\u00e1 se esgotando e precisa ser repensado. <\/span><\/p>\n<p><span style=\"font-weight: 400;\">Kitty Paranagu\u00e1, Miriam Mamber, Renata Telles, Carmen Rein, Fulvia Molina, Marcia Cymbalista, Lynn Carone e Carol Seiler desenvolveram trabalhos que refletem as liga\u00e7\u00f5es entre o ser humano e a natureza de diferentes maneiras. <\/span><\/p>\n<p><span style=\"font-weight: 400;\">O resultado foi exibido em locais de grande circula\u00e7\u00e3o como Minhoc\u00e3o, Avenida Paulista, Esta\u00e7\u00e3o Pinacoteca, Casa do Povo, Bienal de S\u00e3o Paulo, Rua Augusta, entre outros. A ideia \u00e9 que as imagens interajam com o cen\u00e1rio urbano em um sentido democr\u00e1tico, fazendo com que a arte encontre o p\u00fablico em seu cotidiano, indo al\u00e9m dos muros das galerias e museus. <\/span><\/p>\n<p><span style=\"font-weight: 400;\">Abordar a natureza e sua preserva\u00e7\u00e3o no Brasil definitivamente evoca a mem\u00f3ria de um passado m\u00edtico e selvagem, como a reminisc\u00eancia de nossa origem ainda preservada na Floresta Amaz\u00f4nica, bem como a percep\u00e7\u00e3o de destrui\u00e7\u00e3o, envelhecimento e desterritorializa\u00e7\u00e3o cada vez mais e mais em um mundo tecnologicamente desenvolvido. Muitas quest\u00f5es ainda n\u00e3o respondidas  s\u00e3o substanciais hoje no contexto brasileiro e sua discuss\u00e3o p\u00fablica definir\u00e1 o curso do pa\u00eds nas pr\u00f3ximas d\u00e9cadas. Por exemplo, ainda \u00e9 poss\u00edvel falar sobre a preserva\u00e7\u00e3o de nossa paisagem nativa? Como nossa natureza humana responde \u00e0s diferentes condi\u00e7\u00f5es da vida civilizada? \u00c9 poss\u00edvel manter a conviv\u00eancia pac\u00edfica no mundo atual entre as diferentes culturas, sem que as minorias sejam destru\u00eddas em nome dos avan\u00e7os tecnol\u00f3gicos? Como permanecer\u00e1 aberto aos processos de imigra\u00e7\u00e3o resultantes de desastres naturais ou s\u00f3cio-pol\u00edticos? Nesse sentido, \u00e9 toda a ecologia social que nos \u00e9 apresentada como o desafio para uma nova era. <\/span><\/p>\n<p><span style=\"font-weight: 400;\">Poeticamente ou diretamente, os trabalhos refletem essas investiga\u00e7\u00f5es, mantendo uma presen\u00e7a sutil. Fulvia Molina retoma a quest\u00e3o do preconceito e da imigra\u00e7\u00e3o, na obra \u201c\u00caxodos\u201d, a partir da fotografia \u201cDe Profundis\u201d, de Schildneckt. Ela fala sobre a dor e a ang\u00fastia que marcam nosso tempo, causadas por problemas econ\u00f4micos e conflitos pol\u00edticos. Carone reencena a cerim\u00f4nia de \u201clavar os p\u00e9s\u201d como uma met\u00e1fora da vida e nossa capacidade de regenera\u00e7\u00e3o. Optou por retratar Bras\u00edlia, s\u00edmbolo de contradi\u00e7\u00f5es na hist\u00f3ria contempor\u00e2nea brasileira, e registra o que aconteceu ap\u00f3s o crime ambiental da Samarco, em Mariana (MG). Ela pretende discutir o duplo papel que a \u00e1gua desempenha hoje em dia: algo que \u00e9 vital para a vida, mas, ao mesmo tempo, letal. <\/span><\/p>\n<p><span style=\"font-weight: 400;\">Enquanto Rein e Paranagu\u00e1 buscam a mem\u00f3ria da natureza selvagem como corpo e origem que sempre trazemos de volta. A primeira se inspirou na foto de uma grande \u00e1rvore para representar o que \u00e9 perdido pelo desmatamento, que destr\u00f3i nosso relacionamento sagrado com a natureza. Por sua vez, Paranagu\u00e1 escolheu uma imagem da s\u00e9rie &#8220;Er\u00f3tica&#8221; que trata o corpo como natureza selvagem em contraposi\u00e7\u00e3o \u00e0 virtualidade r\u00e1pida e exacerbada do mundo atual. <\/span><\/p>\n<p><span style=\"font-weight: 400;\">Cymbalista baseia-se na exist\u00eancia da cidade de S\u00e3o Paulo para criar desenhos enigm\u00e1ticos que aludem \u00e0s transforma\u00e7\u00f5es do cen\u00e1rio urbano. Ela se interessa pela geometria espont\u00e2nea que muitas vezes domina as fachadas exteriores das grandes cidades, atrav\u00e9s de padr\u00f5es de grades usadas no combate \u00e0 viol\u00eancia urbana.<\/span><\/p>\n<p><span style=\"font-weight: 400;\">Telles e Mamber criam imagens baseadas nos conceitos de mem\u00f3ria e ancestralidade da natureza, tanto quanto na cultura. A primeira escolheu a imagem dos p\u00e9s como um s\u00edmbolo ancestral de nossa conex\u00e3o com a terra (anterior ao conhecimento racional) e nos ritos de passagem que acontecem simbolicamente atrav\u00e9s da lavagem dos p\u00e9s. Mamber tira fotografias de utens\u00edlios dos povos antigos para recri\u00e1-los como instrumentos contempor\u00e2neos.<\/span><\/p>\n<p><span style=\"font-weight: 400;\">Seiler realiza interven\u00e7\u00f5es a partir de pinturas que mostram o fen\u00f4meno dos g\u00eameos siameses como uma maneira de refletir a interdepend\u00eancia do homem e do mundo ambiental. Ela trabalhou com fotografias borradas da s\u00e9rie \u201cThe Eliot Twins\u201d de Schildneckt, na qual identifica a quest\u00e3o da duplicidade e identidade. <\/span><\/p>\n<p><span style=\"font-weight: 400;\">Do ponto de vista aleg\u00f3rico, a natureza perec\u00edvel do apoio escolhido para o projeto desempenha os processos entr\u00f3picos do mundo. Dessa forma, considera as modifica\u00e7\u00f5es sofridas pela passagem do tempo na cidade, que tamb\u00e9m muda constantemente. <\/span><\/p>\n<p><b>Taisa Palhares<\/b><\/p>\n<ol>\n<li><span style=\"font-weight: 400;\"> Art critic and curator, lives in S\u00e3o Paulo, Brazil. Professor of University of Campinas (UNICAMP). <\/span><\/li>\n<\/ol>\n","protected":false},"excerpt":{"rendered":"<p>A exposi\u00e7\u00e3o \u201cColetiva Novembro\u201d apresenta a produ\u00e7\u00e3o de oito artistas brasileiras convidadas pela fot\u00f3grafa e jornalista Julieta Schildknecht, mentora da ONG #OnbehalfofBrasil, para realizar interven\u00e7\u00f5es&#8230;<\/p>\n<div class=\"more-link-wrapper\"><a class=\"more-link\" href=\"https:\/\/lynncarone.com\/home\/coletiva-novembro\/\">Continuar Lendo<span class=\"screen-reader-text\">Coletiva Novembro<\/span><\/a><\/div>\n","protected":false},"author":2,"featured_media":0,"comment_status":"closed","ping_status":"closed","sticky":false,"template":"","format":"standard","meta":[],"categories":[4],"tags":[],"yoast_head":"<!-- This site is optimized with the Yoast SEO plugin v19.0 - https:\/\/yoast.com\/wordpress\/plugins\/seo\/ -->\n<title>Coletiva Novembro - Lynn Carone<\/title>\n<meta name=\"robots\" content=\"index, follow, max-snippet:-1, max-image-preview:large, max-video-preview:-1\" \/>\n<link rel=\"canonical\" href=\"https:\/\/lynncarone.com\/home\/coletiva-novembro\/\" \/>\n<meta property=\"og:locale\" content=\"pt_BR\" \/>\n<meta property=\"og:type\" content=\"article\" \/>\n<meta property=\"og:title\" content=\"Coletiva Novembro - Lynn Carone\" \/>\n<meta property=\"og:description\" content=\"A exposi\u00e7\u00e3o \u201cColetiva Novembro\u201d apresenta a produ\u00e7\u00e3o de oito artistas brasileiras convidadas pela fot\u00f3grafa e jornalista Julieta Schildknecht, mentora da ONG #OnbehalfofBrasil, para realizar interven\u00e7\u00f5es&#8230;\" \/>\n<meta property=\"og:url\" content=\"https:\/\/lynncarone.com\/home\/coletiva-novembro\/\" \/>\n<meta property=\"og:site_name\" content=\"Lynn Carone\" \/>\n<meta property=\"article:published_time\" content=\"2019-06-02T03:27:08+00:00\" \/>\n<meta property=\"article:modified_time\" content=\"2019-11-27T17:34:39+00:00\" \/>\n<meta name=\"twitter:card\" content=\"summary_large_image\" \/>\n<meta name=\"twitter:label1\" content=\"Escrito por\" \/>\n\t<meta name=\"twitter:data1\" content=\"Lynn Carone\" \/>\n\t<meta name=\"twitter:label2\" content=\"Est. tempo de leitura\" \/>\n\t<meta name=\"twitter:data2\" content=\"5 minutos\" \/>\n<script type=\"application\/ld+json\" class=\"yoast-schema-graph\">{\"@context\":\"https:\/\/schema.org\",\"@graph\":[{\"@type\":\"WebSite\",\"@id\":\"https:\/\/lynncarone.com\/home\/#website\",\"url\":\"https:\/\/lynncarone.com\/home\/\",\"name\":\"Lynn Carone\",\"description\":\"Site\",\"publisher\":{\"@id\":\"https:\/\/lynncarone.com\/home\/#\/schema\/person\/62b358248c7f3728d47b3b8a4983b6cb\"},\"potentialAction\":[{\"@type\":\"SearchAction\",\"target\":{\"@type\":\"EntryPoint\",\"urlTemplate\":\"https:\/\/lynncarone.com\/home\/?s={search_term_string}\"},\"query-input\":\"required name=search_term_string\"}],\"inLanguage\":\"pt-BR\"},{\"@type\":\"WebPage\",\"@id\":\"https:\/\/lynncarone.com\/home\/coletiva-novembro\/#webpage\",\"url\":\"https:\/\/lynncarone.com\/home\/coletiva-novembro\/\",\"name\":\"Coletiva Novembro - Lynn Carone\",\"isPartOf\":{\"@id\":\"https:\/\/lynncarone.com\/home\/#website\"},\"datePublished\":\"2019-06-02T03:27:08+00:00\",\"dateModified\":\"2019-11-27T17:34:39+00:00\",\"breadcrumb\":{\"@id\":\"https:\/\/lynncarone.com\/home\/coletiva-novembro\/#breadcrumb\"},\"inLanguage\":\"pt-BR\",\"potentialAction\":[{\"@type\":\"ReadAction\",\"target\":[\"https:\/\/lynncarone.com\/home\/coletiva-novembro\/\"]}]},{\"@type\":\"BreadcrumbList\",\"@id\":\"https:\/\/lynncarone.com\/home\/coletiva-novembro\/#breadcrumb\",\"itemListElement\":[{\"@type\":\"ListItem\",\"position\":1,\"name\":\"Coletiva Novembro\"}]},{\"@type\":\"Article\",\"@id\":\"https:\/\/lynncarone.com\/home\/coletiva-novembro\/#article\",\"isPartOf\":{\"@id\":\"https:\/\/lynncarone.com\/home\/coletiva-novembro\/#webpage\"},\"author\":{\"@id\":\"https:\/\/lynncarone.com\/home\/#\/schema\/person\/62b358248c7f3728d47b3b8a4983b6cb\"},\"headline\":\"Coletiva Novembro\",\"datePublished\":\"2019-06-02T03:27:08+00:00\",\"dateModified\":\"2019-11-27T17:34:39+00:00\",\"mainEntityOfPage\":{\"@id\":\"https:\/\/lynncarone.com\/home\/coletiva-novembro\/#webpage\"},\"wordCount\":961,\"publisher\":{\"@id\":\"https:\/\/lynncarone.com\/home\/#\/schema\/person\/62b358248c7f3728d47b3b8a4983b6cb\"},\"articleSection\":[\"Cr\u00edtica\"],\"inLanguage\":\"pt-BR\"},{\"@type\":[\"Person\",\"Organization\"],\"@id\":\"https:\/\/lynncarone.com\/home\/#\/schema\/person\/62b358248c7f3728d47b3b8a4983b6cb\",\"name\":\"Lynn Carone\",\"image\":{\"@type\":\"ImageObject\",\"inLanguage\":\"pt-BR\",\"@id\":\"https:\/\/lynncarone.com\/home\/#\/schema\/person\/image\/\",\"url\":\"https:\/\/lynncarone.com\/wp-content\/uploads\/2021\/07\/56539157_2331523753751186_6152032844651692032_n.jpg\",\"contentUrl\":\"https:\/\/lynncarone.com\/wp-content\/uploads\/2021\/07\/56539157_2331523753751186_6152032844651692032_n.jpg\",\"width\":2048,\"height\":2047,\"caption\":\"Lynn Carone\"},\"logo\":{\"@id\":\"https:\/\/lynncarone.com\/home\/#\/schema\/person\/image\/\"},\"url\":\"https:\/\/lynncarone.com\/home\/author\/lynn\/\"}]}<\/script>\n<!-- \/ Yoast SEO plugin. -->","yoast_head_json":{"title":"Coletiva Novembro - Lynn Carone","robots":{"index":"index","follow":"follow","max-snippet":"max-snippet:-1","max-image-preview":"max-image-preview:large","max-video-preview":"max-video-preview:-1"},"canonical":"https:\/\/lynncarone.com\/home\/coletiva-novembro\/","og_locale":"pt_BR","og_type":"article","og_title":"Coletiva Novembro - Lynn Carone","og_description":"A exposi\u00e7\u00e3o \u201cColetiva Novembro\u201d apresenta a produ\u00e7\u00e3o de oito artistas brasileiras convidadas pela fot\u00f3grafa e jornalista Julieta Schildknecht, mentora da ONG #OnbehalfofBrasil, para realizar interven\u00e7\u00f5es&#8230;","og_url":"https:\/\/lynncarone.com\/home\/coletiva-novembro\/","og_site_name":"Lynn Carone","article_published_time":"2019-06-02T03:27:08+00:00","article_modified_time":"2019-11-27T17:34:39+00:00","twitter_card":"summary_large_image","twitter_misc":{"Escrito por":"Lynn Carone","Est. tempo de leitura":"5 minutos"},"schema":{"@context":"https:\/\/schema.org","@graph":[{"@type":"WebSite","@id":"https:\/\/lynncarone.com\/home\/#website","url":"https:\/\/lynncarone.com\/home\/","name":"Lynn Carone","description":"Site","publisher":{"@id":"https:\/\/lynncarone.com\/home\/#\/schema\/person\/62b358248c7f3728d47b3b8a4983b6cb"},"potentialAction":[{"@type":"SearchAction","target":{"@type":"EntryPoint","urlTemplate":"https:\/\/lynncarone.com\/home\/?s={search_term_string}"},"query-input":"required name=search_term_string"}],"inLanguage":"pt-BR"},{"@type":"WebPage","@id":"https:\/\/lynncarone.com\/home\/coletiva-novembro\/#webpage","url":"https:\/\/lynncarone.com\/home\/coletiva-novembro\/","name":"Coletiva Novembro - Lynn Carone","isPartOf":{"@id":"https:\/\/lynncarone.com\/home\/#website"},"datePublished":"2019-06-02T03:27:08+00:00","dateModified":"2019-11-27T17:34:39+00:00","breadcrumb":{"@id":"https:\/\/lynncarone.com\/home\/coletiva-novembro\/#breadcrumb"},"inLanguage":"pt-BR","potentialAction":[{"@type":"ReadAction","target":["https:\/\/lynncarone.com\/home\/coletiva-novembro\/"]}]},{"@type":"BreadcrumbList","@id":"https:\/\/lynncarone.com\/home\/coletiva-novembro\/#breadcrumb","itemListElement":[{"@type":"ListItem","position":1,"name":"Coletiva Novembro"}]},{"@type":"Article","@id":"https:\/\/lynncarone.com\/home\/coletiva-novembro\/#article","isPartOf":{"@id":"https:\/\/lynncarone.com\/home\/coletiva-novembro\/#webpage"},"author":{"@id":"https:\/\/lynncarone.com\/home\/#\/schema\/person\/62b358248c7f3728d47b3b8a4983b6cb"},"headline":"Coletiva Novembro","datePublished":"2019-06-02T03:27:08+00:00","dateModified":"2019-11-27T17:34:39+00:00","mainEntityOfPage":{"@id":"https:\/\/lynncarone.com\/home\/coletiva-novembro\/#webpage"},"wordCount":961,"publisher":{"@id":"https:\/\/lynncarone.com\/home\/#\/schema\/person\/62b358248c7f3728d47b3b8a4983b6cb"},"articleSection":["Cr\u00edtica"],"inLanguage":"pt-BR"},{"@type":["Person","Organization"],"@id":"https:\/\/lynncarone.com\/home\/#\/schema\/person\/62b358248c7f3728d47b3b8a4983b6cb","name":"Lynn Carone","image":{"@type":"ImageObject","inLanguage":"pt-BR","@id":"https:\/\/lynncarone.com\/home\/#\/schema\/person\/image\/","url":"https:\/\/lynncarone.com\/wp-content\/uploads\/2021\/07\/56539157_2331523753751186_6152032844651692032_n.jpg","contentUrl":"https:\/\/lynncarone.com\/wp-content\/uploads\/2021\/07\/56539157_2331523753751186_6152032844651692032_n.jpg","width":2048,"height":2047,"caption":"Lynn Carone"},"logo":{"@id":"https:\/\/lynncarone.com\/home\/#\/schema\/person\/image\/"},"url":"https:\/\/lynncarone.com\/home\/author\/lynn\/"}]}},"_links":{"self":[{"href":"https:\/\/lynncarone.com\/home\/wp-json\/wp\/v2\/posts\/317"}],"collection":[{"href":"https:\/\/lynncarone.com\/home\/wp-json\/wp\/v2\/posts"}],"about":[{"href":"https:\/\/lynncarone.com\/home\/wp-json\/wp\/v2\/types\/post"}],"author":[{"embeddable":true,"href":"https:\/\/lynncarone.com\/home\/wp-json\/wp\/v2\/users\/2"}],"replies":[{"embeddable":true,"href":"https:\/\/lynncarone.com\/home\/wp-json\/wp\/v2\/comments?post=317"}],"version-history":[{"count":4,"href":"https:\/\/lynncarone.com\/home\/wp-json\/wp\/v2\/posts\/317\/revisions"}],"predecessor-version":[{"id":585,"href":"https:\/\/lynncarone.com\/home\/wp-json\/wp\/v2\/posts\/317\/revisions\/585"}],"wp:attachment":[{"href":"https:\/\/lynncarone.com\/home\/wp-json\/wp\/v2\/media?parent=317"}],"wp:term":[{"taxonomy":"category","embeddable":true,"href":"https:\/\/lynncarone.com\/home\/wp-json\/wp\/v2\/categories?post=317"},{"taxonomy":"post_tag","embeddable":true,"href":"https:\/\/lynncarone.com\/home\/wp-json\/wp\/v2\/tags?post=317"}],"curies":[{"name":"wp","href":"https:\/\/api.w.org\/{rel}","templated":true}]}}